[{"@context":"https:\/\/schema.org\/","@type":"Article","@id":"https:\/\/www.formix.sk\/coho-sa-mame-este-bat\/#Article","mainEntityOfPage":"https:\/\/www.formix.sk\/coho-sa-mame-este-bat\/","headline":"\u010coho sa m\u00e1me e\u0161te b\u00e1\u0165?","name":"\u010coho sa m\u00e1me e\u0161te b\u00e1\u0165?","description":"\u010coho sa m\u00e1me e\u0161te b\u00e1\u0165? \u00a0Zl\u00e1 ekonomick\u00e1\u00a0situ\u00e1cia v \u010dase korony postihla v\u0161etk\u00fdch, nie len \u017eivnostn\u00edkov. \u013dudia sa ka\u017ed\u00e9 r\u00e1no preb\u00fadzali s obavou o svoje pracovn\u00e9\u00a0miesto. A dnes to nie je inak. Pand\u00e9mia ruinuje snahu \u013eud\u00ed, ktor\u00ed sa o nie\u010do sna\u017eia, ktor\u00ed nie\u010do buduj\u00fa a d\u00e1vaj\u00fa pr\u00edle\u017eitos\u0165 in\u00fdm. Ako sa tomu postavi\u0165? \u00a0 N\u00e1rast covidov\u00fdch pr\u00edpadov&hellip;","datePublished":"2021-09-29","dateModified":"2023-04-27","author":{"@type":"Person","@id":"https:\/\/www.formix.sk\/author\/#Person","name":"","url":"https:\/\/www.formix.sk\/author\/","identifier":1,"image":{"@type":"ImageObject","@id":"https:\/\/secure.gravatar.com\/avatar\/32bc2d377216483c132a3bbf038b8838926e0616f1b3d0e9cb50d997f0b052ba?s=96&d=mm&r=g","url":"https:\/\/secure.gravatar.com\/avatar\/32bc2d377216483c132a3bbf038b8838926e0616f1b3d0e9cb50d997f0b052ba?s=96&d=mm&r=g","height":96,"width":96}},"publisher":{"@type":"Organization","name":"formix.sk","logo":{"@type":"ImageObject","@id":"\/logo.png","url":"\/logo.png","width":600,"height":60}},"image":{"@type":"ImageObject","@id":"https:\/\/www.formix.sk\/wp-content\/uploads\/b_RTU_b_rtu_ribe_ekonomika_bak.jpg","url":"https:\/\/www.formix.sk\/wp-content\/uploads\/b_RTU_b_rtu_ribe_ekonomika_bak.jpg","height":0,"width":0},"url":"https:\/\/www.formix.sk\/coho-sa-mame-este-bat\/","about":["Ekonomika"],"wordCount":434,"articleBody":"\u010coho sa m\u00e1me e\u0161te b\u00e1\u0165?\u00a0Zl\u00e1 ekonomick\u00e1\u00a0situ\u00e1cia v \u010dase korony postihla v\u0161etk\u00fdch, nie len \u017eivnostn\u00edkov. \u013dudia sa ka\u017ed\u00e9 r\u00e1no preb\u00fadzali s obavou o svoje pracovn\u00e9\u00a0miesto. A dnes to nie je inak. Pand\u00e9mia ruinuje snahu \u013eud\u00ed, ktor\u00ed sa o nie\u010do sna\u017eia, ktor\u00ed nie\u010do buduj\u00fa a d\u00e1vaj\u00fa pr\u00edle\u017eitos\u0165 in\u00fdm. Ako sa tomu postavi\u0165?\u00a0N\u00e1rast covidov\u00fdch pr\u00edpadov za\u010dal r\u00e1s\u0165 od chv\u00edle, kedy sa dostal covid na \u00fazemie SR. Ka\u017ed\u00e9ho sa to ist\u00fdm sp\u00f4sobom dotklo. Niekto pri\u0161iel o pr\u00e1cu a bol prin\u00faten\u00fd si h\u013eada\u0165 nov\u00fa, niekto musel svoj podnik na \u010das zavrie\u0165, in\u00fd svoj podnik u\u017e ani neotvoril. Aj ke\u010f ekonomick\u00e1 situ\u00e1cia nebola v\u017edy najlep\u0161ia na Slovensku, pand\u00e9mia ju postihla nieko\u013eko n\u00e1sobne a to ovplyvnilo \u017eivoty v\u0161etk\u00fdch. Ve\u013ek\u00e9 podniky, ktor\u00e9 boli ve\u013ek\u00fdm pr\u00ednosom pre Slovensko za\u010dali slabn\u00fa\u0165 a \u010dasto ve\u013ea z nich boli don\u00faten\u00ed podniky zavrie\u0165. Nasledovalo masov\u00e9 prep\u00fa\u0161\u0165anie zamestnancov, ktor\u00ed boli \u010dasto odk\u00e1zan\u00ed na pomoc od \u0161t\u00e1tu. Na kr\u00e1tku chv\u00ed\u013eu vy\u0161lo op\u00e4\u0165 slnko a podniky, firmy \u010di fabriky mohli op\u00e4\u0165 vykon\u00e1va\u0165 svoju pr\u00e1cu. A ako je to dnes? Kedy sa vr\u00e1time do norm\u00e1lneho \u017eivota. Kedy si budeme kone\u010dne ist\u00ed, \u017ee n\u00e1m pr\u00e1cu nik nevezme. U\u017eiv\u00edme svoje rodiny? \u010coho sa m\u00e1me e\u0161te b\u00e1\u0165? Je to\u013eko nezodpovedan\u00fdch ot\u00e1zok. Kto n\u00e1m na ne zodpovie? Na zl\u00fa ekonomick\u00fa situ\u00e1ciu sa ka\u017ed\u00fd pozer\u00e1 ako na celok. Ale \u010do my? My, ktor\u00ed\u00a0\u017eiv\u00edme na\u0161e rodiny? Dot\u00fdka sa t\u00e1to situ\u00e1cia len t\u00fdch, ktor\u00ed s\u00fa\u00a0vlastn\u00edkmi firiem? \u010co t\u00ed, ktor\u00ed v nich pracuj\u00fa? Mnoho ot\u00e1zok je nezodpovedan\u00fdch a my \u010dak\u00e1me na ten moment, kedy op\u00e4\u0165 v\u00edde slnko. Mnoh\u00ed z n\u00e1s sa na pr\u00edchod \u010fal\u0161ej vlny pand\u00e9mie pozer\u00e1me z \u00fazadia. \u010ci zamestnanci, \u010di zamestn\u00e1vatelia. Boj\u00edme sa toho, \u010do op\u00e4\u0165 pr\u00edde, ako sa op\u00e4\u0165 zmen\u00ed n\u00e1\u0161 \u017eivot. Bu\u010fme k sebe oh\u013eadupln\u00ed. Nemyslime iba na svoje dobro, ale i na dobro svojich pracovn\u00edkov. A vy mil\u00ed pracovn\u00edci. Aj ke\u010f je t\u00e1to doba \u0165a\u017ek\u00e1, bud\u0165e trpezliv\u00ed, zhovievav\u00ed a verte. Lebo kto strat\u00ed vieru strat\u00ed v\u0161etko. Ve\u010f ako sa vrav\u00ed ,,n\u00e1dej zomiera posledn\u00e1&#8220;. Tak majme n\u00e1dej, \u017ee op\u00e4\u0165 pr\u00eddu pekn\u00e9 \u010dasy. A nie na chv\u00ed\u013eu, ale nav\u017edy.                                                                                                                                                                                                                                                                                                                                                                                                "},{"@context":"https:\/\/schema.org\/","@type":"BreadcrumbList","itemListElement":[{"@type":"ListItem","position":1,"name":"\u010coho sa m\u00e1me e\u0161te b\u00e1\u0165?","item":"https:\/\/www.formix.sk\/coho-sa-mame-este-bat\/#breadcrumbitem"}]}]